{"id":301,"date":"2024-08-19T11:50:36","date_gmt":"2024-08-19T09:50:36","guid":{"rendered":"https:\/\/helloesztar.hu\/?p=301"},"modified":"2024-08-19T11:53:52","modified_gmt":"2024-08-19T09:53:52","slug":"lecsofesztival","status":"publish","type":"post","link":"https:\/\/helloesztar.hu\/?p=301","title":{"rendered":"Lecs\u00f3fesztiv\u00e1l"},"content":{"rendered":"\t\t<div data-elementor-type=\"wp-post\" data-elementor-id=\"301\" class=\"elementor elementor-301\">\n\t\t\t\t<div class=\"elementor-element elementor-element-6456976 e-flex e-con-boxed e-con e-parent\" data-id=\"6456976\" data-element_type=\"container\">\n\t\t\t\t\t<div class=\"e-con-inner\">\n\t\t\t\t<div class=\"elementor-element elementor-element-f4f5f06 elementor-widget elementor-widget-image\" data-id=\"f4f5f06\" data-element_type=\"widget\" data-widget_type=\"image.default\">\n\t\t\t\t<div class=\"elementor-widget-container\">\n\t\t\t\t\t\t\t\t\t\t\t\t\t\t\t<img fetchpriority=\"high\" decoding=\"async\" width=\"500\" height=\"200\" src=\"https:\/\/helloesztar.hu\/wp-content\/uploads\/2024\/08\/logo-light-01-1.png\" class=\"attachment-large size-large wp-image-305\" alt=\"\" srcset=\"https:\/\/helloesztar.hu\/wp-content\/uploads\/2024\/08\/logo-light-01-1.png 500w, https:\/\/helloesztar.hu\/wp-content\/uploads\/2024\/08\/logo-light-01-1-300x120.png 300w\" sizes=\"(max-width: 500px) 100vw, 500px\" \/>\t\t\t\t\t\t\t\t\t\t\t\t\t\t\t<\/div>\n\t\t\t\t<\/div>\n\t\t\t\t<div class=\"elementor-element elementor-element-1b2d5097 elementor-widget elementor-widget-text-editor\" data-id=\"1b2d5097\" data-element_type=\"widget\" data-widget_type=\"text-editor.default\">\n\t\t\t\t<div class=\"elementor-widget-container\">\n\t\t\t\t\t\t\t\t\t\n<p>Eszt\u00e1r teljes n\u00e9pess\u00e9ge 1335 f\u0151. Eszt\u00e1r \u00e9s k\u00f6rny\u00e9ke m\u00e1r \u0151sid\u0151k \u00f3ta lakott hely. Hat\u00e1r\u00e1ban sok k\u0151kor-i \u00e9s r\u00f3mai kor-i lelet ker\u00fclt napvil\u00e1gra. T\u0151le nyugatra halad el a szarmat\u00e1k \u00e1ltal 324 \u00e9s 337 k\u00f6z\u00f6tt \u00e9p\u00edtett, az Alf\u00f6ldet k\u00f6rbeker\u00fcl\u0151 Cs\u00f6rsz-\u00e1rok vagy m\u00e1s n\u00e9ven \u00d6rd\u00f6g\u00e1rok nyomvonala. A telep\u00fcl\u00e9s neve m\u00e1r 1215-ben szerepelt a V\u00e1radi Regestrum-ban Yztharij alakban, mint Mih\u00e1ly \u00far birtoka, aki val\u00f3sz\u00edn\u0171leg a bihar megyei birtokosok k\u00f6zt megtal\u00e1lhat\u00f3 palotai Czibak Mih\u00e1ly lehetett. Eszt\u00e1r telep\u00fcl\u00e9s ugyanis a Czibak csal\u00e1ddal rokon Szt\u00e1ri csal\u00e1d \u0151si n\u00e9vad\u00f3 f\u00e9szke volt. 1453-ban a Szt\u00e1ri csal\u00e1d pallosjogot is nyert a k\u00f6zs\u00e9gre. Ekkor az egyik, e korb\u00f3l sz\u00e1rmaz\u00f3 oklev\u00e9l a telep\u00fcl\u00e9st Castellum Ztar n\u00e9ven \u00edrta le. 1464-ben Eszt\u00e1r m\u00e1r v\u00e1mszed\u0151 hely is volt. 1552-ben birtokosa volt Eszt\u00e1ri Farkas \u00e9s Toldy Mih\u00e1ly is. 1566-ban a Balassa csal\u00e1d, 1732-ben a Boldvay csal\u00e1d, 1760-ban pedig gr\u00f3f Bethlen S\u00e1muel is birtokos volt itt. Az 1800-as \u00e9vek els\u0151 fel\u00e9ben pedig az Erd\u0151dy, Radv\u00e1nyi, Dobozy, H\u00f3dosy \u00e9s Sz\u00fanyogh csal\u00e1doknak volt itt birtoka. Ma meg m\u00e1r a Lecs\u00f3fesztiv\u00e1lr\u00f3l vagyunk h\u00edresek\u2026 j\u00f3 mi? Ha az \u0151s\u00f6k sejtett\u00e9k volna, hogy micsoda power van ebben az \u00e9telben, v\u00e9lhet\u0151en most nem a 10. hanem 810. Lecs\u00f3fesztiv\u00e1lt \u00fcnnepeln\u00e9nk!<\/p>\n\t\t\t\t\t\t\t\t<\/div>\n\t\t\t\t<\/div>\n\t\t\t\t\t<\/div>\n\t\t\t\t<\/div>\n\t\t<div class=\"elementor-element elementor-element-5717ae1 e-flex e-con-boxed e-con e-parent\" data-id=\"5717ae1\" data-element_type=\"container\">\n\t\t\t\t\t<div class=\"e-con-inner\">\n\t\t\t\t\t<\/div>\n\t\t\t\t<\/div>\n\t\t\t\t<\/div>\n\t\t","protected":false},"excerpt":{"rendered":"<p>Eszt\u00e1r teljes n\u00e9pess\u00e9ge 1335 f\u0151. Eszt\u00e1r \u00e9s k\u00f6rny\u00e9ke m\u00e1r \u0151sid\u0151k \u00f3ta lakott hely. Hat\u00e1r\u00e1ban sok k\u0151kor-i \u00e9s r\u00f3mai kor-i lelet ker\u00fclt napvil\u00e1gra. T\u0151le nyugatra halad el a szarmat\u00e1k \u00e1ltal 324 \u00e9s 337 k\u00f6z\u00f6tt \u00e9p\u00edtett, az Alf\u00f6ldet k\u00f6rbeker\u00fcl\u0151 Cs\u00f6rsz-\u00e1rok vagy m\u00e1s n\u00e9ven \u00d6rd\u00f6g\u00e1rok nyomvonala. A telep\u00fcl\u00e9s neve m\u00e1r 1215-ben szerepelt a [&hellip;]<\/p>\n","protected":false},"author":1,"featured_media":0,"comment_status":"closed","ping_status":"closed","sticky":false,"template":"","format":"standard","meta":{"footnotes":""},"categories":[7],"tags":[],"class_list":["post-301","post","type-post","status-publish","format-standard","hentry","category-rendezvenyek"],"_links":{"self":[{"href":"https:\/\/helloesztar.hu\/index.php?rest_route=\/wp\/v2\/posts\/301","targetHints":{"allow":["GET"]}}],"collection":[{"href":"https:\/\/helloesztar.hu\/index.php?rest_route=\/wp\/v2\/posts"}],"about":[{"href":"https:\/\/helloesztar.hu\/index.php?rest_route=\/wp\/v2\/types\/post"}],"author":[{"embeddable":true,"href":"https:\/\/helloesztar.hu\/index.php?rest_route=\/wp\/v2\/users\/1"}],"replies":[{"embeddable":true,"href":"https:\/\/helloesztar.hu\/index.php?rest_route=%2Fwp%2Fv2%2Fcomments&post=301"}],"version-history":[{"count":4,"href":"https:\/\/helloesztar.hu\/index.php?rest_route=\/wp\/v2\/posts\/301\/revisions"}],"predecessor-version":[{"id":308,"href":"https:\/\/helloesztar.hu\/index.php?rest_route=\/wp\/v2\/posts\/301\/revisions\/308"}],"wp:attachment":[{"href":"https:\/\/helloesztar.hu\/index.php?rest_route=%2Fwp%2Fv2%2Fmedia&parent=301"}],"wp:term":[{"taxonomy":"category","embeddable":true,"href":"https:\/\/helloesztar.hu\/index.php?rest_route=%2Fwp%2Fv2%2Fcategories&post=301"},{"taxonomy":"post_tag","embeddable":true,"href":"https:\/\/helloesztar.hu\/index.php?rest_route=%2Fwp%2Fv2%2Ftags&post=301"}],"curies":[{"name":"wp","href":"https:\/\/api.w.org\/{rel}","templated":true}]}}